[{"@context":"https:\/\/schema.org\/","@type":"Article","@id":"https:\/\/www.syta.cz\/s-kym-zajit-na-koncert-vazne-hudby-v-praze\/#Article","mainEntityOfPage":"https:\/\/www.syta.cz\/s-kym-zajit-na-koncert-vazne-hudby-v-praze\/","headline":"S k\u00fdm zaj\u00edt na koncert v\u00e1\u017en\u00e9 hudby v Praze","name":"S k\u00fdm zaj\u00edt na koncert v\u00e1\u017en\u00e9 hudby v Praze","description":"Koncert v\u00e1\u017en\u00e9 hudby v Praze BM Art m\u00e1 i v dne\u0161n\u00ed dob\u011b svou v\u00e1hu. Vyva\u017euje hektick\u00fd \u017eivotn\u00ed styl nejen Pra\u017ean\u016f, ale ka\u017ed\u00e9ho, kdo m\u00e1 z\u00e1jem na&#46;&#46;&#46;","datePublished":"2025-01-18","dateModified":"2025-01-18","author":{"@type":"Person","@id":"https:\/\/www.syta.cz\/author\/#Person","name":"","url":"https:\/\/www.syta.cz\/author\/","identifier":1,"image":{"@type":"ImageObject","@id":"https:\/\/secure.gravatar.com\/avatar\/4e1219daed488a40aaae5f3a36d7a332441b6e7a97d465811f6633d3359f64e8?s=96&d=mm&r=g","url":"https:\/\/secure.gravatar.com\/avatar\/4e1219daed488a40aaae5f3a36d7a332441b6e7a97d465811f6633d3359f64e8?s=96&d=mm&r=g","height":96,"width":96}},"publisher":{"@type":"Organization","name":"syta.cz","logo":{"@type":"ImageObject","@id":"\/logo.png","url":"\/logo.png","width":600,"height":60}},"image":{"@type":"ImageObject","@id":"https:\/\/www.syta.cz\/wp-content\/uploads\/coffee-6320233_640_1.jpg","url":"https:\/\/www.syta.cz\/wp-content\/uploads\/coffee-6320233_640_1.jpg","height":0,"width":0},"url":"https:\/\/www.syta.cz\/s-kym-zajit-na-koncert-vazne-hudby-v-praze\/","about":["Byznys"],"wordCount":438,"articleBody":"      Koncert v\u00e1\u017en\u00e9 hudby v Praze BM Art m\u00e1 i v dne\u0161n\u00ed dob\u011b svou v\u00e1hu. Vyva\u017euje hektick\u00fd \u017eivotn\u00ed styl nejen Pra\u017ean\u016f, ale ka\u017ed\u00e9ho, kdo m\u00e1 z\u00e1jem na sob\u011b zapracovat a uv\u011bdomit si, \u017ee \u017eivot nen\u00ed jen o hromad\u011bn\u00ed majetku a honb\u011b za kari\u00e9rou a sv\u011btsk\u00fdm \u00fasp\u011bchem. Prav\u00fd smysl \u017eivota spo\u010d\u00edv\u00e1 v mezilidsk\u00fdch vztaz\u00edch, v lidsk\u00e9 soun\u00e1le\u017eitosti, empatii, pochopen\u00ed, \u00fact\u011b a l\u00e1sce. Jestli\u017ee budou lid\u00e9 i nad\u00e1le pokra\u010dovat v nez\u0159\u00edzen\u00e9m materialismu, touze ovl\u00e1dat druh\u00e9 a manipulovat jimi, povede to k mor\u00e1ln\u00ed katastrof\u011b a z\u0159ejm\u011b i ke katastrof\u011b planet\u00e1rn\u00edho r\u00e1zu. V\u00e1\u017en\u00e1 hudba t\u00e9to hrozb\u011b \u010del\u00ed, napom\u00e1h\u00e1 n\u00e1m uv\u011bdomit si to z\u00e1sadn\u00ed, pro\u010d tu jsme a jak bychom m\u011bli \u017e\u00edt, v\u00e1\u017en\u00e9 hudb\u011b se tak\u00e9 p\u0159ezd\u00edv\u00e1 hudba duchovn\u00ed a pr\u00e1v\u011b duchovn\u00ed vlastnosti jsou vlastnostmi mor\u00e1ln\u00edmi, o nich\u017e tu byla zm\u00ednka.Jestli\u017ee tedy zakoup\u00edte vstupenky na koncert nap\u0159\u00edklad do \u0160pan\u011blsk\u00e9 synagogy, m\u016f\u017eete t\u00edm pot\u011b\u0161it mnoho va\u0161ich bl\u00edzk\u00fdch. Komu darovat l\u00edstky na koncert?Partnerce \u2013 komu jin\u00e9mu, ne\u017e va\u0161\u00ed partnerce nab\u00eddnout l\u00edstky na koncert? \u017deny jsou n\u011b\u017en\u00e1 stvo\u0159en\u00ed a pot\u0159ebuj\u00ed c\u00edtit l\u00e1sku a cht\u011bj\u00ed vn\u00edmat, \u017ee je m\u00e1te r\u00e1di a \u017ee jim na v\u00e1s z\u00e1le\u017e\u00ed. V\u00e1\u017en\u00e1 hudba oslovuje na\u0161i du\u0161i a st\u00e1v\u00e1me se pak citliv\u011bj\u0161\u00ed a vn\u00edmav\u011bj\u0161\u00ed k pot\u0159eb\u00e1m druh\u00fdch. Rodi\u010d\u016fm \u2013 v\u00e1\u017en\u00e1 hudba m\u016f\u017ee ud\u011blat radost i va\u0161im rodi\u010d\u016fm. Hod\u00ed se to t\u0159eba p\u0159i p\u0159\u00edle\u017eitosti oslavy narozenin a pr\u00e1v\u011b z\u00e1\u017eitkov\u00e9 dary m\u00edvaj\u00ed v\u011bt\u0161\u00ed hodnotu, ne\u017e n\u011bjak\u00e9 \u201ecetky\u201c, s nimi\u017e se t\u0159eba v\u016fbec nestref\u00edte do osobn\u00edho vkusu. Z\u00e1\u017eitek z koncertu si pamatujeme po zbytek \u017eivota, ale co jste dostali k V\u00e1noc\u016fm p\u0159ed p\u011bti lety, to u\u017e mo\u017en\u00e1 ani nev\u00edte.Va\u0161\u00ed kantorce \u2013 zn\u00e1te film Sn\u011b\u017eenky a mach\u0159i? Pokud ano, pak si mo\u017en\u00e1 vybav\u00edte sc\u00e9ny, z nich\u017e byla c\u00edtit duchovn\u00ed n\u00e1klonnost a l\u00e1ska mezi profesorkou \u010de\u0161tiny a Radkem P\u0159evr\u00e1tilem. Takov\u00e9to vztahy mohou vy\u00fastit i v man\u017eelstv\u00ed a nen\u00ed na p\u0159ek\u00e1\u017eku ani vy\u0161\u0161\u00ed v\u011bkov\u00fd rozd\u00edl. A vyznat l\u00e1sku sv\u00e9 profesorce pr\u00e1v\u011b na koncert\u011b v\u00e1\u017en\u00e9 hudby je klidn\u011b mo\u017en\u00e9.                                                                                                                                                                                                                                                                                                                                                                                          4.4\/5 - (9 votes)        "},{"@context":"https:\/\/schema.org\/","@type":"BreadcrumbList","itemListElement":[{"@type":"ListItem","position":1,"name":"S k\u00fdm zaj\u00edt na koncert v\u00e1\u017en\u00e9 hudby v Praze","item":"https:\/\/www.syta.cz\/s-kym-zajit-na-koncert-vazne-hudby-v-praze\/#breadcrumbitem"}]}]